{"provider_url": "https://www.cabeceiragrande.mg.leg.br", "title": "Vereadores faz curso em Belo Horizonte ", "html": "<p>\u00a0</p>\r\n<p>Nos dias 22 a 25 de junho de 2021, a C\u00e2mara Municipal de Cabeceira Grande, representada pelos vereadores, JOAQUIM DE SALVIANO, KARLYSON NAZARE, IRM\u00c3O VALDETE, VILMAR VIANA E REJANE ENFERMEIRA participaram do curso de <b>FISCALIZA\u00c7\u00c3O DOS ATOS DO EXECUTIVO: COMO INVESTIGAR DENUNCIAR E PUNIR.</b> Realizado pelo Ceap Brasil na cidade de Belo Horizonte-MG.<b> </b></p>\r\n<p>Os trabalhos exercidos pelo Poder Legislativo exigem cada vez mais conhecimento t\u00e9cnico. Conscientes do papel que precisam desempenhar, os vereadores de Cabeceira Grande-MG buscam, sempre que poss\u00edvel, capacita\u00e7\u00f5es para prestar um servi\u00e7o de excel\u00eancia para a popula\u00e7\u00e3o.</p>\r\n<p>\u00a0</p>\r\n<table class=\"plain\">\r\n<tbody>\r\n<tr><th><img src=\"https://www.cabeceiragrande.mg.leg.br/imagens/rejane.jpeg\" alt=\"\" class=\"image-inline\" title=\"\" /></th></tr>\r\n<tr>\r\n<td><img src=\"https://www.cabeceiragrande.mg.leg.br/imagens/karlison.jpeg\" alt=\"\" class=\"image-inline\" title=\"\" /></td>\r\n</tr>\r\n<tr>\r\n<td><img src=\"https://www.cabeceiragrande.mg.leg.br/imagens/joaquim.jpeg\" alt=\"\" class=\"image-inline\" title=\"\" /></td>\r\n</tr>\r\n<tr>\r\n<td><img src=\"https://www.cabeceiragrande.mg.leg.br/imagens/valdete.jpeg\" alt=\"\" class=\"image-inline\" title=\"\" /></td>\r\n</tr>\r\n<tr>\r\n<td><img src=\"https://www.cabeceiragrande.mg.leg.br/imagens/vilmar.jpeg\" alt=\"\" class=\"image-inline\" title=\"\" /></td>\r\n</tr>\r\n</tbody>\r\n</table>\r\n<p>\u00a0</p>\r\n<p>\u00a0</p>", "author_name": "", "version": "1.0", "author_url": "https://www.cabeceiragrande.mg.leg.br/author/administrador", "provider_name": "C\u00e2mara Municipal de Cabeceira Grande - MG", "type": "rich"}