{"provider_url": "https://www.cabeceiragrande.mg.leg.br", "title": "Mesa Diretora", "html": "<p>\u00a0 \u00a0 \u00a0 \u00a0 \u00a0No dia 04 de Dezembro, logo ap\u00f3s a reuni\u00e3o ordin\u00e1ria, foi realizada a 4\u00aa reuni\u00e3o especial para a elei\u00e7\u00e3o dos cargos (Presidente, Vice-Presidente, 1\u00ba e 2\u00ba Secret\u00e1rios) da Mesa Diretora para o exerc\u00edcio 2018.</p>\r\n<p>\u00a0 \u00a0 \u00a0 \u00a0 \u00a0Concorrem aos cargos da Mesa duas chapas:</p>\r\n<p><span>\u00a0 \u00a0 \u00a0 \u00a0 \u00a0<strong>1\u00aa Chapa:</strong> Joaquim de Salviano, Irm\u00e3o Valdete, F\u00e1bio Coelho e Andr\u00e9 Batista que obtiveram 5 votos para cada cargo.</span></p>\r\n<p><span>\u00a0 \u00a0 \u00a0 \u00a0 <strong>\u00a02\u00aa Chapa</strong>: Carlim Pau Terra, Eliezer Cruz, Valm\u00edria Viana e Demi Lima\u00a0<span>que obtiveram 4 votos para cada cargo.</span></span></p>\r\n<p><span><span>\u00a0 \u00a0 \u00a0 \u00a0 \u00a0Tendo sido eleitos\u00a0</span></span><span>\u00a0os Vereadores: Joaquim de Salviano, Irm\u00e3o Valdete,\u00a0 F\u00e1bio Coelho e Andr\u00e9 Batista\u00a0 para os cargos de Presidente, Vice-Presidente, 1\u00ba e 2\u00ba Secret\u00e1rios da Mesa Diretora para a 2\u00aa Sess\u00e3o Legislativa da\u00a0 6\u00aa Legislatura\u00a0 exerc\u00edcio 2018.</span></p>\r\n<p><span>\u00a0 \u00a0 \u00a0 \u00a0 Parab\u00e9ns ao eleitos e aos que n\u00e3o conseguiram, ter\u00e3o novas oportunidades.</span></p>\r\n<p><span>\u00a0 \u00a0 \u00a0 \u00a0 A Posse dos eleitos se dar\u00e1 no dia 28 de dezembro \u00e0s 18 horas.\u00a0</span></p>\r\n<p><span><br /></span></p>\r\n<p>\u00a0 \u00a0 \u00a0 \u00a0 \u00a0</p>\r\n<p>\u00a0</p>", "author_name": "", "version": "1.0", "author_url": "https://www.cabeceiragrande.mg.leg.br/author/mreislc", "provider_name": "C\u00e2mara Municipal de Cabeceira Grande - MG", "type": "rich"}