{"provider_url": "https://www.cabeceiragrande.mg.leg.br", "title": "Entrega da Motoniveladora ", "html": "<p>No dia 14/03, Segunda-Feira, a convite do nosso prefeito Eldson Amorim e o vice-prefeito Eliezer Cruz, os vereadores C\u00edcero Liga Liga, Karlyson Nazar\u00e9, Carlim Pau Terra, Vilmar Viana, Robson Cip\u00f3 e a Presidente da Casa Rejane Enfermeira, participaram de uma recep\u00e7\u00e3o para receber o Deputado Estadual Arlen Santiago, acompanhado pela Assessora do Deputado Federal Luis Tib\u00e9, Juliane, para realizarem a entrega de uma motoniveladora que auxiliar\u00e1 a \u00e1rea de infraestrutura do nosso munic\u00edpio, especialmente a manuten\u00e7\u00e3o das vias p\u00fablicas. \u00a0Na ocasi\u00e3o estiveram presentes, o vereador Paulo Arara e o Dr. Tarley de Una\u00ed, e a Superintendente Regional de Ensino, Aurora Pires de Carvalho. Agradecemos a presen\u00e7a de todos, em especial do Deputado Arlen Santiago, pela presen\u00e7a na nossa cidade e pela contribui\u00e7\u00e3o que ser\u00e1 de grande valia para o nosso munic\u00edpio.</p>\r\n<table class=\"plain\">\r\n<tbody>\r\n<tr><th><img src=\"https://www.cabeceiragrande.mg.leg.br/imagens/WhatsAppImage20220315at14.00.56.jpeg/@@images/fc0b3824-f214-437c-b643-5bda77353135.jpeg\" alt=\"\" class=\"image-inline\" title=\"\" /></th><th><img src=\"https://www.cabeceiragrande.mg.leg.br/imagens/WhatsAppImage20220315at14.01.04.jpeg/@@images/6717d4e9-8330-4fba-b20a-9443c2439816.jpeg\" alt=\"\" class=\"image-inline\" title=\"\" /></th></tr>\r\n<tr>\r\n<td><img src=\"https://www.cabeceiragrande.mg.leg.br/imagens/WhatsAppImage20220315at14.01.05.jpeg/@@images/b1cf7577-09cb-4bad-9ad7-4489a4900e50.jpeg\" alt=\"\" class=\"image-inline\" title=\"\" /></td>\r\n<td><img src=\"https://www.cabeceiragrande.mg.leg.br/imagens/WhatsAppImage20220315at14.01.03.jpeg/@@images/0b23af0e-7701-4ac1-8c43-c4d5c60179ee.jpeg\" alt=\"\" class=\"image-inline\" title=\"\" /></td>\r\n</tr>\r\n<tr>\r\n<td><img src=\"https://www.cabeceiragrande.mg.leg.br/imagens/WhatsAppImage20220315at14.01.14.jpeg/@@images/36aa468b-392f-4e79-81bd-b2c24922f484.jpeg\" alt=\"\" class=\"image-inline\" title=\"\" /></td>\r\n<td><img src=\"https://www.cabeceiragrande.mg.leg.br/imagens/WhatsAppImage20220315at14.01.07.jpeg/@@images/d23d7648-b775-4e9e-927d-268a72ae7d29.jpeg\" alt=\"\" class=\"image-inline\" title=\"\" /></td>\r\n</tr>\r\n<tr>\r\n<td><img src=\"https://www.cabeceiragrande.mg.leg.br/imagens/WhatsAppImage20220315at14.01.17.jpeg/@@images/039cdf75-6536-42b0-9931-5c12bc8f3881.jpeg\" alt=\"\" class=\"image-inline\" title=\"\" /></td>\r\n<td><img src=\"https://www.cabeceiragrande.mg.leg.br/imagens/WhatsAppImage20220315at14.00.48.jpeg/@@images/8c4e3bab-73b9-4c4d-b1d8-8b696f63f486.jpeg\" alt=\"\" class=\"image-inline\" title=\"\" /></td>\r\n</tr>\r\n</tbody>\r\n</table>", "author_name": "", "version": "1.0", "author_url": "https://www.cabeceiragrande.mg.leg.br/author/administrador", "provider_name": "C\u00e2mara Municipal de Cabeceira Grande - MG", "type": "rich"}