{"provider_url": "https://www.cabeceiragrande.mg.leg.br", "title": "Entrega da ambul\u00e2ncia do SAMU", "html": "<p align=\"center\"><span>No dia 30 de Setembro, os Vereadores, o secretario de Sa\u00fade, o prefeito Eldson Amorim e o vice-prefeito Eliezer Cruz, estiveram em Patos de Minas, para a cerim\u00f4nia de entrega oficial das ambul\u00e2ncias do SAMU Regional Noroeste, atrav\u00e9s do Cons\u00f3rcio Intermunicipal de Sa\u00fade da Rede de Urg\u00eancia e Emerg\u00eancia da Regi\u00e3o Ampliada Noroeste \u2013 CISREUNO.</span></p>\r\n<p>O SAMU e uma grande conquista para a sa\u00fade do nosso munic\u00edpio, e com certeza ser\u00e1 de grande valia para todos que precisarem.\u00a0 \u00a0\u00a0\u00a0\u00a0</p>\r\n<p>\u00a0</p>\r\n<table class=\"plain\">\r\n<tbody>\r\n<tr><th><img src=\"https://www.cabeceiragrande.mg.leg.br/imagens/WhatsAppImage20221005at14.27.04.jpeg/@@images/09e2c1b0-f371-402c-8a7b-33259ee27c24.jpeg\" alt=\"\" class=\"image-inline\" title=\"\" /></th><th><img src=\"https://www.cabeceiragrande.mg.leg.br/imagens/WhatsAppImage20221005at14.23.37.jpeg/@@images/ac0a1f67-786c-402c-8c7a-c7b1d9d86bd6.jpeg\" alt=\"\" class=\"image-inline\" title=\"\" /></th></tr>\r\n<tr>\r\n<td><img src=\"https://www.cabeceiragrande.mg.leg.br/imagens/WhatsAppImage20221005at14.25.08.jpeg/@@images/33651cd2-b926-46a7-b53d-14390c1bf64b.jpeg\" alt=\"\" class=\"image-inline\" title=\"\" /></td>\r\n<td><img src=\"https://www.cabeceiragrande.mg.leg.br/imagens/WhatsAppImage20221005at14.22.00.jpeg/@@images/4930bd1e-c207-4895-9d66-3d4cfac80835.jpeg\" alt=\"\" class=\"image-inline\" title=\"\" /></td>\r\n</tr>\r\n<tr>\r\n<td><img src=\"https://www.cabeceiragrande.mg.leg.br/imagens/WhatsAppImage20221005at14.21.42.jpeg/@@images/6ba6b61b-05da-4ddd-a99e-1a7a123c0c14.jpeg\" alt=\"\" class=\"image-inline\" title=\"\" /></td>\r\n<td><img src=\"https://www.cabeceiragrande.mg.leg.br/imagens/WhatsAppImage20221005at14.24.45.jpeg/@@images/44fe7c77-40d7-4867-a09b-beb84ee92ae6.jpeg\" alt=\"\" class=\"image-inline\" title=\"\" /></td>\r\n</tr>\r\n</tbody>\r\n</table>", "author_name": "", "version": "1.0", "author_url": "https://www.cabeceiragrande.mg.leg.br/author/administrador", "provider_name": "C\u00e2mara Municipal de Cabeceira Grande - MG", "type": "rich"}