{"provider_url": "https://www.cabeceiragrande.mg.leg.br", "title": "Curso de Moveis em fibra de bambu", "html": "<p>Curso de Moveis em fibra de bambu, oferecido pelo SENAR MINAS em parceria com os vereadores e a C\u00e2mara Municipal de Cabeceira Grande. Realizado nos dias 25 a 29 de Janeiro na Subsede da C\u00e2mara, em Palmital de Minas e nos dias 31 a 04 de Fevereiro, na Sede da C\u00e2mara, em Cabeceira Grande.<br /> Os alunos produziram diversas pe\u00e7as em moveis com bambu, explorando diferentes t\u00e9cnicas para a produ\u00e7\u00e3o dos artefatos e o aprimoramento da t\u00e9cnica para elabora\u00e7\u00e3o. O SENAR MINAS tem como objetivo a capacita\u00e7\u00e3o profissional e promo\u00e7\u00e3o social, trazendo diversas modalidades de cursos gratuitos a comunidade, podendo ser usados como uma nova profiss\u00e3o e tamb\u00e9m como terapia ocupacional e autoconhecimento. Parab\u00e9ns a todos os envolvidos, e a todos os participantes.</p>\r\n<table class=\"plain\">\r\n<tbody>\r\n<tr><th><img src=\"https://www.cabeceiragrande.mg.leg.br/imagens/copy_of_WhatsAppImage20220204at15.51.48.jpeg/@@images/b5e1faf0-ef35-44ab-9149-e0a03dd21358.jpeg\" alt=\"\" class=\"image-inline\" title=\"\" /></th><th><img src=\"https://www.cabeceiragrande.mg.leg.br/imagens/WhatsAppImage20220204at15.52.37.jpeg/@@images/e9554db3-2ad6-4f16-b86e-b9c104ddd2f3.jpeg\" alt=\"\" class=\"image-inline\" title=\"\" /></th></tr>\r\n<tr>\r\n<td><img src=\"https://www.cabeceiragrande.mg.leg.br/imagens/WhatsAppImage20220204at15.54.00.jpeg/@@images/7614db1c-ee7b-42c3-ba8b-22d8ec4bf8df.jpeg\" alt=\"\" class=\"image-inline\" title=\"\" /></td>\r\n<td><img src=\"https://www.cabeceiragrande.mg.leg.br/imagens/WhatsAppImage20220204at15.54.21.jpeg/@@images/df69d289-62fe-4891-9b81-e64baf3f452e.jpeg\" alt=\"\" class=\"image-inline\" title=\"\" /></td>\r\n</tr>\r\n<tr>\r\n<td><img src=\"https://www.cabeceiragrande.mg.leg.br/WhatsAppImage20220204at15.54.50.jpeg/@@images/c81fa297-5289-41ad-ae55-c8973e75fc78.jpeg\" alt=\"\" class=\"image-inline\" title=\"\" /></td>\r\n<td><img src=\"https://www.cabeceiragrande.mg.leg.br/WhatsAppImage20220204at15.55.53.jpeg/@@images/79aeaa60-8b1a-4aed-b1fc-f4dd3565f247.jpeg\" alt=\"\" class=\"image-inline\" title=\"\" /></td>\r\n</tr>\r\n<tr>\r\n<td><img src=\"https://www.cabeceiragrande.mg.leg.br/imagens/WhatsAppImage20220204at15.56.04.jpeg/@@images/9f32513b-f293-4e1c-bfe3-117c33355ffa.jpeg\" alt=\"\" class=\"image-inline\" title=\"\" /></td>\r\n<td><img src=\"https://www.cabeceiragrande.mg.leg.br/imagens/WhatsAppImage20220204at15.56.22.jpeg/@@images/6792bc87-cd8d-4686-beaa-56ce2016df70.jpeg\" alt=\"\" class=\"image-inline\" title=\"\" /></td>\r\n</tr>\r\n<tr>\r\n<td><img src=\"https://www.cabeceiragrande.mg.leg.br/imagens/WhatsAppImage20220204at15.56.32.jpeg/@@images/24e1728e-3769-45a8-b571-837cee80b77c.jpeg\" alt=\"\" class=\"image-inline\" title=\"\" /></td>\r\n<td><img src=\"https://www.cabeceiragrande.mg.leg.br/imagens/WhatsAppImage20220204at15.56.44.jpeg/@@images/c64b9cdd-e29b-4914-a2d5-b690035c3a43.jpeg\" alt=\"\" class=\"image-inline\" title=\"\" /></td>\r\n</tr>\r\n<tr>\r\n<td><img src=\"https://www.cabeceiragrande.mg.leg.br/WhatsAppImage20220204at15.57.24.jpeg/@@images/0b8b3793-8951-41b5-9214-7cf5da1f8e8e.jpeg\" alt=\"\" class=\"image-inline\" title=\"\" /></td>\r\n<td><img src=\"https://www.cabeceiragrande.mg.leg.br/imagens/WhatsAppImage20220204at16.51.34.jpeg/@@images/b8a097e0-2ca1-4799-8cf2-fdd77f584d64.jpeg\" alt=\"\" class=\"image-inline\" title=\"\" /></td>\r\n</tr>\r\n<tr>\r\n<td><img src=\"https://www.cabeceiragrande.mg.leg.br/imagens/WhatsAppImage20220204at16.51.38.jpeg/@@images/88b5d0e7-73ae-4dd5-b8eb-c33d0d2c7681.jpeg\" alt=\"\" class=\"image-inline\" title=\"\" /></td>\r\n<td><img src=\"https://www.cabeceiragrande.mg.leg.br/imagens/WhatsAppImage20220204at16.51.391.jpeg/@@images/ff437062-cda0-4cc3-bdcd-3accff41410a.jpeg\" alt=\"\" class=\"image-inline\" title=\"\" /></td>\r\n</tr>\r\n<tr>\r\n<td><img src=\"https://www.cabeceiragrande.mg.leg.br/WhatsAppImage20220204at16.51.392.jpeg/@@images/f6781dde-b390-4fcb-a850-75d9cf269752.jpeg\" alt=\"\" class=\"image-inline\" title=\"\" /></td>\r\n<td><img src=\"https://www.cabeceiragrande.mg.leg.br/imagens/WhatsAppImage20220204at16.51.39.jpeg/@@images/6cf3e0d4-d27d-4d32-9190-86680fdb5d02.jpeg\" alt=\"\" class=\"image-inline\" title=\"\" /></td>\r\n</tr>\r\n</tbody>\r\n</table>\r\n<p>\u00a0</p>", "author_name": "", "version": "1.0", "author_url": "https://www.cabeceiragrande.mg.leg.br/author/administrador", "provider_name": "C\u00e2mara Municipal de Cabeceira Grande - MG", "type": "rich"}