{"provider_url": "https://www.cabeceiragrande.mg.leg.br", "title": "Convoca\u00e7\u00e3o", "html": "<p><span>A</span><b>\u00a0C\u00c2MARA MUNICIPAL DE CABECEIRA GRANDE,\u00a0</b><span>Estado de Minas Gerais, atrav\u00e9s da Secretaria de Administra\u00e7\u00e3o e Finan\u00e7as, torna p\u00fablico <strong>a convoca\u00e7\u00e3o de Pedro Alves Guanberto .</strong></span></p>\r\n<p><span><strong>Acesse o link abaixo:</strong></span></p>\r\n<p><span><strong><a class=\"external-link\" href=\"https://www.cabeceiragrande.mg.leg.br/transparencia/licitacoes-e-contratos/processo-seletivo-simplificado/2025/processo-seletivo-simplificado-no-002-2025/convocacao/view\" target=\"_self\" title=\"\">https://www.cabeceiragrande.mg.leg.br/transparencia/licitacoes-e-contratos/processo-seletivo-simplificado/2025/processo-seletivo-simplificado-no-002-2025/convocacao/view</a></strong></span></p>", "author_name": "", "version": "1.0", "author_url": "https://www.cabeceiragrande.mg.leg.br/author/administrador", "provider_name": "C\u00e2mara Municipal de Cabeceira Grande - MG", "type": "rich"}