{"provider_url": "https://www.cabeceiragrande.mg.leg.br", "title": "Hist\u00f3ria da C\u00e2mara", "html": "<p><span>A C\u00e2mara Municipal de Cabeceira Grande foi fundada em 1997 sua composi\u00e7\u00e3o at\u00e9 a atualidade \u00e9 a seguinte:\u00a0</span><br /><br /><strong>1\u00aa LEGISLATURA 1997 A 2000:\u00a0</strong></p>\r\n<p><strong>Vereadores eleitos e empossados em 1\u00ba de Janeiro de 1997:</strong></p>\r\n<p><em>Maria Alice Coimbra, Eliezer de Souza Cruz, Leonardo Magela Souto, Waldeth Santana Costa,Alberto Martins Ferreira, Al\u00e9rsio da Cruz Mundim,\u00a0 Jo\u00e3o da Matta Angelo Gonzaga, Jos\u00e9 Alves Viana Filho e Os\u00f3rio Geraldo da Silva Filho.</em><br /><br /><span><strong>Composi\u00e7\u00e3o da Mesa Diretora em 1997</strong>:</span></p>\r\n<p><span> Presidente: <em><strong>Maria Alice</strong> Coimbra</em>, </span></p>\r\n<p><span>Vice Presidente: <em><strong>Eliezer</strong> de Souza <strong>Cruz</strong></em>, </span></p>\r\n<p><span>1\u00ba Secretario: <em><strong>Leonardo Magela</strong> Souto</em>,</span></p>\r\n<p><span> 2\u00ba Secretario: <em><strong>Waldeth Santana</strong> Costa</em>.\u00a0</span><br /><br /><span><strong>Composi\u00e7\u00e3o da Mesa Diretora 1998:</strong>\u00a0</span></p>\r\n<p><span></span><span>Presidente: <em><strong>Leonardo Magela</strong> Souto,</em> </span></p>\r\n<p><span>Vice Presidente: <em><strong>Al\u00e9rcio</strong> da Cruz <strong>Mundim</strong></em>, </span></p>\r\n<p><span>1\u00ba Secretario: <em><strong>Maria Alice</strong> Coimbra</em>, </span></p>\r\n<p><span>2\u00ba Secretario: <em><strong>Jose</strong> Alves <strong>Viana</strong> Filho.\u00a0</em></span><br /><br /><strong>Composi\u00e7\u00e3o da Mesa Diretora 1999:</strong></p>\r\n<p><span> Presidente: <em>Alberto Martins Ferreira</em>, </span></p>\r\n<p><span>Vice Presidente: <em>Al\u00e9rcio da Cruz Mundim</em>, </span></p>\r\n<p><span>1\u00ba Secretario: <em>Maria Alice Coimbra</em>, </span></p>\r\n<p><span>2\u00ba Secretario: <em>Leonardo Magela Souto</em>.\u00a0</span><br /><br /><strong>Composi\u00e7\u00e3o da Mesa Diretora 2000:\u00a0</strong></p>\r\n<p><strong></strong><span>Presidente: <em>Maria Alice Coimbra</em>, </span></p>\r\n<p><span>Vice Presidente: <em>Al\u00e9rcio da Cruz Mundim</em>,</span></p>\r\n<p><span>1\u00ba Secretario: <em>Alberto Martins Ferreira</em>, </span></p>\r\n<p><span>2\u00ba Secretario: <em>Leonardo Magela Souto</em>.\u00a0</span><br /><br /><strong>2\u00aa LEGISLATURA 2001 A 2004:\u00a0</strong></p>\r\n<p><strong>Foram eleitos e empossados em 1\u00ba de Janeiro de 2001,os seguintes vereadores:</strong></p>\r\n<p style=\"text-align: justify; \"><strong></strong><em>Alberto Martins Ferreira, Al\u00e9rsio da Cruz Mundim, Daisy Ferreira Netto, Ivan Baptista Dias, Joriv\u00ea Ant\u00f4nio de Oliveira, Jos\u00e9 Alves Viana Filho, Manoel Ant\u00f4nio de Oliveira, Paulo Elias Ribeiro, Pedro Alves da Mata. </em><br /><br /><strong>Composi\u00e7\u00e3o da Mesa Diretora em 2001:</strong></p>\r\n<p><span> Presidente: <em><strong>Jos\u00e9</strong> Alves <strong>Viana</strong> Filho</em>, </span></p>\r\n<p><span>Vice Presidente: <em><strong>Joriv\u00ea Ant\u00f4nio</strong> de Oliveira</em>, </span></p>\r\n<p><span>1\u00ba Secretario: <em>Ivan Baptista Dias</em>, </span></p>\r\n<p><span>2\u00ba Secretario: <em>Pedro Alves da Mata</em>.</span><br /><br /><strong>Composi\u00e7\u00e3o da Mesa Diretora 2002:</strong></p>\r\n<p><span> Presidente: <em>Daisy Ferreira Netto</em>, </span></p>\r\n<p><span>Vice Presidente: <em>Al\u00e9rcio da Cruz Mundim,</em> </span></p>\r\n<p><span>1\u00ba Secretario: <em>Paulo Elias Ribeiro</em>, </span></p>\r\n<p><span>2\u00ba Secretario: <em>Ivan Baptista Dias</em>.\u00a0</span><br /><br /><span>C<strong>omposi\u00e7\u00e3o da Mesa Diretora 2003:</strong></span></p>\r\n<p><span> Presidente: <em>Joriv\u00ea Ant\u00f4nio de Oliveira</em>, </span></p>\r\n<p><span>Vice Presidente: <em>Jos\u00e9 Alves Viana Filho</em>, </span></p>\r\n<p><span>1\u00ba Secretario: <em>Pedro Alves da Mata</em>, </span></p>\r\n<p><span>2\u00ba Secretario: <em>Manoel Ant\u00f4nio de Oliveira</em>.\u00a0</span><br /><br /><strong>Composi\u00e7\u00e3o da Mesa Diretora 2004: </strong></p>\r\n<p><span>Presidente: <em>Pedro Alves da Mata</em>, </span></p>\r\n<p><span>Vice Presidente: <em>Manoel Ant\u00f4nio de Oliveira</em>, </span></p>\r\n<p><span>1\u00ba Secretario: <em>Alberto Martins Ferreira</em>, </span></p>\r\n<p><span></span><span>2\u00ba Secretario: <em>Joriv\u00ea Ant\u00f4nio de Oliveira</em>.\u00a0</span><br /><br /><strong>3\u00aa LEGISLATURA 2005 A 2008:\u00a0</strong></p>\r\n<p><strong>Foram eleitos e empossados em 1\u00ba de Janeiro de 2005,os seguintes vereadores:</strong></p>\r\n<p style=\"text-align: justify; \"><strong></strong><em>Adauto Barbosa de Brito,Alberto Martins Ferreira, Aureliano da Guia Gon\u00e7alves Santos, Elcana Vaz da Silva, Fl\u00e1via Vieira Reis,Gabriel Francisco Maciel, Samuel Alves Pimenta, Vilmar Alves Viana e Waldeth Santana Costa. </em><br /><br /><strong>Composi\u00e7\u00e3o da Mesa Diretora em 2005: </strong></p>\r\n<p><span>Presidente: <em>Fl\u00e1via Vieira Reis</em>,</span></p>\r\n<p><span> Vice Presidente: <em>Vilmar Alves Viana</em>, </span></p>\r\n<p><span>1\u00ba Secretario: <em>Samuel Alves Pimenta</em>, </span></p>\r\n<p><span>2\u00ba Secretario: <em>Aureliano da Guia Gon\u00e7alves Santos.\u00a0</em></span><br /><br /><strong>Composi\u00e7\u00e3o da Mesa Diretora 2006: </strong></p>\r\n<p><span>Presidente: <em>Samuel Alves Pimenta</em>, </span></p>\r\n<p><span>Vice Presidente: <em>Aureliano da Guia Gon\u00e7alves Santos</em>, </span></p>\r\n<p><span>1\u00ba Secretario: <em>Fl\u00e1via Vieira Reis</em>, </span></p>\r\n<p><span>2\u00ba Secretario: <em>Alberto Martins Ferreira.\u00a0</em></span><br /><br /><strong>Composi\u00e7\u00e3o da Mesa Diretora 2007: </strong></p>\r\n<p><span>Presidente: <em>Waldeth Santana Costa</em>,</span></p>\r\n<p><span>Vice Presidente: <em>Aureliano da Guia Gon\u00e7alves Santos</em>,</span></p>\r\n<p><span> 1\u00ba Secretario: <em>Flavia Vieira Reis</em>, </span></p>\r\n<p><span>2\u00ba Secretario: <em>Samuel Alves Pimenta</em>.\u00a0</span><br /><br /><strong>Composi\u00e7\u00e3o da Mesa Diretora 2008: </strong></p>\r\n<p><span>Presidente: <em>Aureliano da Guia Gon\u00e7alves Santos</em>,</span></p>\r\n<p><span>Vice Presidente: <em>Samuel Alves Pimenta</em>, </span></p>\r\n<p><span>1\u00ba Secretario: <em>Adauto Barbosa de Brito</em>,</span></p>\r\n<p><span> 2\u00ba Secretario: <em>Waldeth Santana Costa</em>.\u00a0</span><br /><br /><strong>4\u00aa LEGISLATURA 2009 A 2012:\u00a0</strong><br /><strong>Foram eleitos e empossados em 1\u00ba de Janeiro de 2009,os seguintes vereadores:</strong></p>\r\n<p style=\"text-align: justify; \"><strong></strong><em>Bernadete Alves de Sousa, Ed\u00edlson Mariano de Oliveira, Elcana Vaz da Silva, Eliezer de Souza Cruz, kesser Romualdo da Silva, L\u00edlia Marcos Viana de Siqueira, Paulo Elias Ribeiro (suplente), Pedro Alves da Mata, Uilson Jos\u00e9 Gomes e Valdeson damaceno de Oliveira.</em></p>\r\n<p><strong>Composi\u00e7\u00e3o da Mesa Diretora 2009: </strong></p>\r\n<p><span>Presidente: <em>Elcana Vaz da Silva</em>, </span></p>\r\n<p><span>Vice Presidente: <em>Kesser Romualdo da Silva</em>, </span></p>\r\n<p><span>1\u00ba Secretario: <em>Bernadete Alves de Sousa</em>, </span></p>\r\n<p><span>2\u00ba Secretario: <em>Uilson Jos\u00e9 Gomes</em>.\u00a0</span><br /><br /><span><strong>Composi\u00e7\u00e3o da Mesa Diretora 2010</strong>:</span></p>\r\n<p><span>Presidente: <em>Kesser Romualdo da Silva,</em> </span></p>\r\n<p><span>Vice Presidente: <em>Ed\u00edlson Mariano de Oliveira,</em></span></p>\r\n<p><span><em></em> 1\u00ba Secretario: <em>Uilson Jos\u00e9 Gomes</em>, </span></p>\r\n<p><span>2\u00ba Secretario: <em>Valdeson Damasceno de Oliveira</em>, (<em>Valdeson Vendeiro</em>).\u00a0</span><br /><br /><strong>Composi\u00e7\u00e3o da Mesa Diretora 2011: </strong></p>\r\n<p><span>Presidente: <em>Bernadete Alves de Sousa,</em> </span></p>\r\n<p><span>Vice Presidente: <em>Uilson Jos\u00e9 Gomes</em>, (Uilsinho Gomes), 1\u00ba Secretario: <em>Pedro Alves da Mata</em>, </span></p>\r\n<p><span>2\u00ba Secretario: <strong>N\u00e3o foi preenchido o cargo.</strong>\u00a0</span><br /><br /><strong>5\u00aa LEGISLATURA 2013 A 2016:\u00a0</strong><br /><strong>Foram eleitos e empossados em 1\u00ba de Janeiro de 2013,os seguintes vereadores:</strong></p>\r\n<p style=\"text-align: justify; \"><strong></strong><em>Andr\u00e9 Batista Santana, Daisy Ferreira Netto, Darlei Jos\u00e9 da Silva, Ed\u00edlson Mariano de Oliveira, Eliezer de Souza Cruz, Julbertina C\u00e2ndida de Jesus Ornelas, Maria Valdiza Alves Silva, Valdete Francisco de Santana e Valeriano Ribeiro dos Santos.</em></p>\r\n<p><em></em><strong>Composi\u00e7\u00e3o da Mesa Diretora 2013: </strong></p>\r\n<p><span>Presidente: J<em>ulbertina C\u00e2ndida de Jesus Ornelas</em>, </span></p>\r\n<p><span>Vice Presidente: <em>Valdete Francisco de Santana (Irm\u00e3o Valdete)</em>, </span></p>\r\n<p><span>1\u00b0 Secret\u00e1rio: <em>Daisy Ferreira Netto</em>, </span></p>\r\n<p><span>2\u00ba Secret\u00e1rio: <em>Maria Valdiza Alves Silva</em>.\u00a0</span><br /><br /><span><strong>Composi\u00e7\u00e3o da Mesa Diretora 2014:</strong>\u00a0</span></p>\r\n<p><span></span><span>Presidente: <em>Andr\u00e9 Batista Santana</em>,</span></p>\r\n<p><span>Vice Presidente: <em>Valdete Francisco de Santana</em> (Irm\u00e3o Valdete), </span></p>\r\n<p><span>1\u00b0 Secret\u00e1rio: <em>Daisy Ferreira Netto</em>, </span></p>\r\n<p><span>2\u00ba Secret\u00e1rio: <em>Darlei Jos\u00e9 da Silva.</em>\u00a0</span><br /><br /><span><strong>Composi\u00e7\u00e3o da Mesa Diretora 2015</strong>:\u00a0</span></p>\r\n<p><span></span><span>Presidente: <em>Ed\u00edlson Mariano de Oliveira</em>,</span></p>\r\n<p><span>Vice Presidente: <em>Eliezer de Souza Cruz</em>, </span></p>\r\n<p><span>1\u00b0 Secret\u00e1rio: <em>Julbertina C\u00e2ndida de Jesus Ornelas</em>, </span></p>\r\n<p><span>2\u00ba Secret\u00e1rio: <em>Maria Valdiza Alves Silva.</em></span></p>\r\n<p><span><strong>Composi\u00e7\u00e3o da Mesa Diretora 2016:\u00a0</strong></span></p>\r\n<p><span><em><span>Presidente: <em>Ed\u00edlson Mariano de Oliveira</em>,</span></em></span></p>\r\n<p><span><em><span>Vice Presidente: <em>Eliezer de Souza Cruz</em>, </span></em></span></p>\r\n<p><span><em><span>1\u00b0 Secret\u00e1rio: <em>Julbertina C\u00e2ndida de Jesus Ornelas</em>,</span></em></span></p>\r\n<p><span><em><span> 2\u00ba Secret\u00e1rio: </span></em>Valeriano Ribeiro dos Santos<em>.\u00a0\u00a0</em></span></p>\r\n<p><span><em></em></span><strong>6\u00aa LEGISLATURA 2017 A 2020:\u00a0</strong></p>\r\n<p><span><strong><span>Foram eleitos e empossados em 1\u00ba de Janeiro de 2017, os seguintes vereadores:</span></strong></span></p>\r\n<p><em><span>Andr\u00e9 Batista Santana, Carlos Machado de Paiva, Eliezer de Souza Cruz, F\u00e1bio Corr\u00eaa Machado, Joaquim da Mota Fernandes Neto, Paulo Elias Ribeiro, Valdemi de Lima Sousa, Valdete Francisco de Santana e Valm\u00edria Alves Viana Martins.</span></em></p>\r\n<p><b>Composi\u00e7\u00e3o da Mesa Diretora 2017</b><span>: </span></p>\r\n<p><span><b>Presidente:</b> F\u00e1bio Corr\u00eaa Machado, </span></p>\r\n<p><span><b>Vice Presidente</b>:\u00a0Valdemi de Lima Sousa, </span></p>\r\n<p><span><b>1\u00b0 Secret\u00e1rio</b>:</span><span> </span><span>Joaquim da Mota Fernandes Neto, </span></p>\r\n<p><span><b>2\u00ba Secret\u00e1rio:</b>\u00a0Valm\u00edria Alves Viana Martins.\u00a0</span></p>\r\n<p><strong>Composi\u00e7\u00e3o da Mesa Diretora 2018:</strong></p>\r\n<p style=\"text-align: justify; \"><strong>Presidente: </strong>Joaquim da Mota Fernandes Neto<strong> (Joaquim de Salviano);\u00a0</strong></p>\r\n<p style=\"text-align: justify; \"><strong></strong><strong>Vice-Presidente: </strong><span>Valdete Francisco de Santana</span><strong> (Irm\u00e3o Valdete);\u00a0</strong></p>\r\n<p style=\"text-align: justify; \"><strong></strong><strong>1\u00ba Secret\u00e1rio:</strong><span>F\u00e1bio Corr\u00eaa Machado (F\u00e1bio Coelho);\u00a0</span></p>\r\n<p style=\"text-align: justify; \"><span></span><strong>2\u00ba Secret\u00e1rio: </strong><span>Andr\u00e9 Batista de Santana</span><strong> (Andr\u00e9 Batista).</strong></p>\r\n<p><strong>Composi\u00e7\u00e3o da Mesa Diretora 2019:</strong></p>\r\n<p style=\"text-align: justify; \"><strong>Presidente:</strong>Valdete Francisco de Santana\u00a0(Irm\u00e3o Valdete<strong><strong>\u00a0</strong></strong>);</p>\r\n<p style=\"text-align: justify; \"><strong><strong><strong>Vice-Presidente:\u00a0</strong></strong></strong>Joaquim da Mota Fernandes Neto<strong>\u00a0(Joaquim de Salviano) Renunciou ao cargo;\u00a0</strong></p>\r\n<p style=\"text-align: left; \"><strong></strong><strong>1\u00ba Secret\u00e1rio:</strong>F\u00e1bio Corr\u00eaa Machado (F\u00e1bio Coelho), no dia 09/09/2019,o Vereador F\u00e1bio Correa Machado tomou posse por sucess\u00e3o no cargo de Vice-Presidente, considerando a ren\u00fancia do Vereador Joaquim de Salviano ao cargo e n\u00e3o havendo candidato.\u00a0\u00a0</p>\r\n<p style=\"text-align: left; \"><strong>2\u00ba Secret\u00e1rio:\u00a0</strong>Paulo Elias Ribeiro<strong>\u00a0(Paulinho Zerado). </strong>nesta mesma data o Vereador Paulinho Zerado tamb\u00e9m tomou posse por sucess\u00e3o ao cargo de 1\u00ba Secret\u00e1rio para completar o mandato da Mesa.</p>\r\n<p><strong>Composi\u00e7\u00e3o da Mesa Diretora 2020:</strong></p>\r\n<p style=\"text-align: left; \"><strong>Presidente:\u00a0</strong>Paulo Elias Ribeiro\u00a0(Paulinho Zerado)<strong><strong>,\u00a0</strong></strong></p>\r\n<p style=\"text-align: left; \"><strong><strong></strong></strong><strong>Vice-Presidente:</strong>Valdete Francisco de Santana\u00a0(Irm\u00e3o Valdete)<strong><strong>;\u00a0</strong></strong></p>\r\n<p style=\"text-align: left; \"><strong><strong><strong>1\u00ba Secret\u00e1rio:</strong></strong></strong><strong>\u00a0</strong>Joaquim da Mota Fernandes Neto<strong>\u00a0</strong>(Joaquim de Salviano);<strong></strong></p>\r\n<p style=\"text-align: left; \"><strong> 2</strong><strong>\u00ba Secret\u00e1rio:</strong>F\u00e1bio Corr\u00eaa Machado (F\u00e1bio Coelho).</p>\r\n<div style=\"text-align: left; \"><strong><br /></strong></div>\r\n<p><strong><br /></strong></p>\r\n<p><span><em><span><br /></span></em></span></p>\r\n<p><span><em><span> <br /> <br /> </span></em></span></p>\r\n<p><span><em><br /></em></span></p>", "author_name": "Interlegis", "version": "1.0", "author_url": "https://www.cabeceiragrande.mg.leg.br/author/Interlegis", "provider_name": "C\u00e2mara Municipal de Cabeceira Grande - MG", "type": "rich"}